{"id":679,"date":"2017-03-13T21:00:18","date_gmt":"2017-03-13T20:00:18","guid":{"rendered":"http:\/\/www.matesxtu.es\/es\/?p=679"},"modified":"2021-02-21T13:09:03","modified_gmt":"2021-02-21T12:09:03","slug":"clases-del-s-xix-profesores-del-s-xx-y-alumnos-del-s-xxi","status":"publish","type":"post","link":"https:\/\/www.matesxtu.es\/es\/clases-del-s-xix-profesores-del-s-xx-y-alumnos-del-s-xxi\/","title":{"rendered":"Clases del S.XIX, profesores del S.XX y alumnos del S.XXI"},"content":{"rendered":"<p><a href=\"https:\/\/www.matesxtu.es\/es\/wp-content\/uploads\/sites\/2\/2017\/03\/test-feria-de-los-gallos-2015.jpg\"><img loading=\"lazy\" decoding=\"async\" data-attachment-id=\"683\" data-permalink=\"https:\/\/www.matesxtu.es\/es\/clases-del-s-xix-profesores-del-s-xx-y-alumnos-del-s-xxi\/test-feria-de-los-gallos-2015\/\" data-orig-file=\"https:\/\/www.matesxtu.es\/es\/wp-content\/uploads\/sites\/2\/2017\/03\/test-feria-de-los-gallos-2015.jpg\" data-orig-size=\"2988,5312\" data-comments-opened=\"1\" data-image-meta=\"{&quot;aperture&quot;:&quot;2.2&quot;,&quot;credit&quot;:&quot;&quot;,&quot;camera&quot;:&quot;SM-G900F&quot;,&quot;caption&quot;:&quot;&quot;,&quot;created_timestamp&quot;:&quot;1449927448&quot;,&quot;copyright&quot;:&quot;&quot;,&quot;focal_length&quot;:&quot;4.8&quot;,&quot;iso&quot;:&quot;40&quot;,&quot;shutter_speed&quot;:&quot;0.02&quot;,&quot;title&quot;:&quot;&quot;}\" data-image-title=\"test feria de los gallos 2015\" data-image-description=\"\" data-image-caption=\"\" data-medium-file=\"https:\/\/www.matesxtu.es\/es\/wp-content\/uploads\/sites\/2\/2017\/03\/test-feria-de-los-gallos-2015-168x300.jpg\" data-large-file=\"https:\/\/www.matesxtu.es\/es\/wp-content\/uploads\/sites\/2\/2017\/03\/test-feria-de-los-gallos-2015-576x1024.jpg\" src=\"https:\/\/www.matesxtu.es\/es\/wp-content\/uploads\/sites\/2\/2017\/03\/test-feria-de-los-gallos-2015.jpg\" alt=\"test feria de los gallos 2015\" width=\"2988\" height=\"5312\" class=\"aligncenter size-full wp-image-683\" srcset=\"https:\/\/www.matesxtu.es\/es\/wp-content\/uploads\/sites\/2\/2017\/03\/test-feria-de-los-gallos-2015.jpg 2988w, https:\/\/www.matesxtu.es\/es\/wp-content\/uploads\/sites\/2\/2017\/03\/test-feria-de-los-gallos-2015-168x300.jpg 168w, https:\/\/www.matesxtu.es\/es\/wp-content\/uploads\/sites\/2\/2017\/03\/test-feria-de-los-gallos-2015-576x1024.jpg 576w\" sizes=\"auto, (max-width: 2988px) 100vw, 2988px\" \/><\/a><br \/>\nEste titular es de una profesora de la Universidad Internacional de la Rioja, pero me ha parecido una foto perfecta del sistema educativo actual:<\/p>\n<p>&#8211; <strong>Clases magistrales <\/strong>, originadas en el sistema productivo de la revoluci\u00f3n industrial.<br \/>\n&#8211; <strong>Profesores <\/strong>que en su mayor\u00eda finalizaron su formaci\u00f3n antes de la revoluci\u00f3n tecnol\u00f3gica.<br \/>\n&#8211; <strong>Alumnos <\/strong>nativos digitales, hiperestimulados y en un entorno de inmediatez que pone en jaque los valores tradicionales.<\/p>\n<p>Esta situaci\u00f3n supone un gran reto y muchas escuelas est\u00e1n luchando para superarlo. En MxT trabajamos con estos alumnos del siglo XXI de forma personalizada y motivadora. Nuestro objetivo es ayudarles a obtener unas competencias matem\u00e1ticas b\u00e1sicas que les acompa\u00f1en toda la vida, tanto para seguir estudiando como para las situaciones cotidianas. Algunos de ellos pueden abrir un grupo de Facebook en dos minutos, pero tienen problemas para devolver las monedas de un cambio.<\/p>\n","protected":false},"excerpt":{"rendered":"<p>Este titular es de una profesora de la Universidad Internacional de la Rioja, pero me ha parecido una foto perfecta del sistema educativo actual: &#8211; Clases magistrales , originadas en el sistema productivo de la revoluci\u00f3n industrial. &#8211; Profesores que en su mayor\u00eda finalizaron su formaci\u00f3n antes de la revoluci\u00f3n tecnol\u00f3gica. &#8211; Alumnos nativos digitales, [&hellip;]<\/p>\n","protected":false},"author":1,"featured_media":683,"comment_status":"open","ping_status":"open","sticky":false,"template":"","format":"standard","meta":{"jetpack_post_was_ever_published":false,"_jetpack_newsletter_access":"","_jetpack_dont_email_post_to_subs":false,"_jetpack_newsletter_tier_id":0,"_jetpack_memberships_contains_paywalled_content":false,"_jetpack_memberships_contains_paid_content":false,"footnotes":"","jetpack_publicize_message":"","jetpack_publicize_feature_enabled":true,"jetpack_social_post_already_shared":true,"jetpack_social_options":{"image_generator_settings":{"template":"highway","default_image_id":0,"enabled":false},"version":2}},"categories":[6],"tags":[],"class_list":["post-679","post","type-post","status-publish","format-standard","has-post-thumbnail","hentry","category-novedades-matesxtu"],"yoast_head":"<!-- This site is optimized with the Yoast SEO plugin v25.8 - https:\/\/yoast.com\/wordpress\/plugins\/seo\/ -->\n<title>Clases del S.XIX, profesores del S.XX y alumnos del S.XXI - MATESxTU educaci\u00f3n<\/title>\n<meta name=\"robots\" content=\"index, follow, max-snippet:-1, max-image-preview:large, max-video-preview:-1\" \/>\n<link rel=\"canonical\" href=\"https:\/\/www.matesxtu.es\/es\/clases-del-s-xix-profesores-del-s-xx-y-alumnos-del-s-xxi\/\" \/>\n<meta property=\"og:locale\" content=\"es_ES\" \/>\n<meta property=\"og:type\" content=\"article\" \/>\n<meta property=\"og:title\" content=\"Clases del S.XIX, profesores del S.XX y alumnos del S.XXI - MATESxTU educaci\u00f3n\" \/>\n<meta property=\"og:description\" content=\"Este titular es de una profesora de la Universidad Internacional de la Rioja, pero me ha parecido una foto perfecta del sistema educativo actual: &#8211; Clases magistrales , originadas en el sistema productivo de la revoluci\u00f3n industrial. &#8211; Profesores que en su mayor\u00eda finalizaron su formaci\u00f3n antes de la revoluci\u00f3n tecnol\u00f3gica. &#8211; Alumnos nativos digitales, [&hellip;]\" \/>\n<meta property=\"og:url\" content=\"https:\/\/www.matesxtu.es\/es\/clases-del-s-xix-profesores-del-s-xx-y-alumnos-del-s-xxi\/\" \/>\n<meta property=\"og:site_name\" content=\"MATESxTU educaci\u00f3n\" \/>\n<meta property=\"article:publisher\" content=\"https:\/\/www.facebook.com\/Matesxtu-1465218103742467\/\" \/>\n<meta property=\"article:published_time\" content=\"2017-03-13T20:00:18+00:00\" \/>\n<meta property=\"article:modified_time\" content=\"2021-02-21T12:09:03+00:00\" \/>\n<meta property=\"og:image\" content=\"https:\/\/www.matesxtu.es\/es\/wp-content\/uploads\/sites\/2\/2017\/03\/test-feria-de-los-gallos-2015-576x1024.jpg\" \/>\n\t<meta property=\"og:image:width\" content=\"576\" \/>\n\t<meta property=\"og:image:height\" content=\"1024\" \/>\n\t<meta property=\"og:image:type\" content=\"image\/jpeg\" \/>\n<meta name=\"author\" content=\"elenadmin\" \/>\n<meta name=\"twitter:card\" content=\"summary_large_image\" \/>\n<meta name=\"twitter:creator\" content=\"@elenabarberomxt\" \/>\n<meta name=\"twitter:site\" content=\"@elenabarberomxt\" \/>\n<meta name=\"twitter:label1\" content=\"Escrito por\" \/>\n\t<meta name=\"twitter:data1\" content=\"elenadmin\" \/>\n\t<meta name=\"twitter:label2\" content=\"Tiempo de lectura\" \/>\n\t<meta name=\"twitter:data2\" content=\"1 minuto\" \/>\n<script type=\"application\/ld+json\" class=\"yoast-schema-graph\">{\"@context\":\"https:\/\/schema.org\",\"@graph\":[{\"@type\":\"Article\",\"@id\":\"https:\/\/www.matesxtu.es\/es\/clases-del-s-xix-profesores-del-s-xx-y-alumnos-del-s-xxi\/#article\",\"isPartOf\":{\"@id\":\"https:\/\/www.matesxtu.es\/es\/clases-del-s-xix-profesores-del-s-xx-y-alumnos-del-s-xxi\/\"},\"author\":{\"name\":\"elenadmin\",\"@id\":\"https:\/\/www.matesxtu.es\/es\/#\/schema\/person\/c57f83ae638b94d757837fb633da0591\"},\"headline\":\"Clases del S.XIX, profesores del S.XX y alumnos del S.XXI\",\"datePublished\":\"2017-03-13T20:00:18+00:00\",\"dateModified\":\"2021-02-21T12:09:03+00:00\",\"mainEntityOfPage\":{\"@id\":\"https:\/\/www.matesxtu.es\/es\/clases-del-s-xix-profesores-del-s-xx-y-alumnos-del-s-xxi\/\"},\"wordCount\":165,\"commentCount\":0,\"publisher\":{\"@id\":\"https:\/\/www.matesxtu.es\/es\/#organization\"},\"image\":{\"@id\":\"https:\/\/www.matesxtu.es\/es\/clases-del-s-xix-profesores-del-s-xx-y-alumnos-del-s-xxi\/#primaryimage\"},\"thumbnailUrl\":\"https:\/\/www.matesxtu.es\/es\/wp-content\/uploads\/sites\/2\/2017\/03\/test-feria-de-los-gallos-2015.jpg\",\"articleSection\":[\"NOVEDADES MATESxTU\"],\"inLanguage\":\"es\",\"potentialAction\":[{\"@type\":\"CommentAction\",\"name\":\"Comment\",\"target\":[\"https:\/\/www.matesxtu.es\/es\/clases-del-s-xix-profesores-del-s-xx-y-alumnos-del-s-xxi\/#respond\"]}]},{\"@type\":\"WebPage\",\"@id\":\"https:\/\/www.matesxtu.es\/es\/clases-del-s-xix-profesores-del-s-xx-y-alumnos-del-s-xxi\/\",\"url\":\"https:\/\/www.matesxtu.es\/es\/clases-del-s-xix-profesores-del-s-xx-y-alumnos-del-s-xxi\/\",\"name\":\"Clases del S.XIX, profesores del S.XX y alumnos del S.XXI - MATESxTU educaci\u00f3n\",\"isPartOf\":{\"@id\":\"https:\/\/www.matesxtu.es\/es\/#website\"},\"primaryImageOfPage\":{\"@id\":\"https:\/\/www.matesxtu.es\/es\/clases-del-s-xix-profesores-del-s-xx-y-alumnos-del-s-xxi\/#primaryimage\"},\"image\":{\"@id\":\"https:\/\/www.matesxtu.es\/es\/clases-del-s-xix-profesores-del-s-xx-y-alumnos-del-s-xxi\/#primaryimage\"},\"thumbnailUrl\":\"https:\/\/www.matesxtu.es\/es\/wp-content\/uploads\/sites\/2\/2017\/03\/test-feria-de-los-gallos-2015.jpg\",\"datePublished\":\"2017-03-13T20:00:18+00:00\",\"dateModified\":\"2021-02-21T12:09:03+00:00\",\"breadcrumb\":{\"@id\":\"https:\/\/www.matesxtu.es\/es\/clases-del-s-xix-profesores-del-s-xx-y-alumnos-del-s-xxi\/#breadcrumb\"},\"inLanguage\":\"es\",\"potentialAction\":[{\"@type\":\"ReadAction\",\"target\":[\"https:\/\/www.matesxtu.es\/es\/clases-del-s-xix-profesores-del-s-xx-y-alumnos-del-s-xxi\/\"]}]},{\"@type\":\"ImageObject\",\"inLanguage\":\"es\",\"@id\":\"https:\/\/www.matesxtu.es\/es\/clases-del-s-xix-profesores-del-s-xx-y-alumnos-del-s-xxi\/#primaryimage\",\"url\":\"https:\/\/www.matesxtu.es\/es\/wp-content\/uploads\/sites\/2\/2017\/03\/test-feria-de-los-gallos-2015.jpg\",\"contentUrl\":\"https:\/\/www.matesxtu.es\/es\/wp-content\/uploads\/sites\/2\/2017\/03\/test-feria-de-los-gallos-2015.jpg\",\"width\":2988,\"height\":5312},{\"@type\":\"BreadcrumbList\",\"@id\":\"https:\/\/www.matesxtu.es\/es\/clases-del-s-xix-profesores-del-s-xx-y-alumnos-del-s-xxi\/#breadcrumb\",\"itemListElement\":[{\"@type\":\"ListItem\",\"position\":1,\"name\":\"Inici\",\"item\":\"https:\/\/www.matesxtu.es\/es\/\"},{\"@type\":\"ListItem\",\"position\":2,\"name\":\"Clases del S.XIX, profesores del S.XX y alumnos del S.XXI\"}]},{\"@type\":\"WebSite\",\"@id\":\"https:\/\/www.matesxtu.es\/es\/#website\",\"url\":\"https:\/\/www.matesxtu.es\/es\/\",\"name\":\"MATESxTU educaci\u00f3n\",\"description\":\"MATESxTU  = + x TODOS\",\"publisher\":{\"@id\":\"https:\/\/www.matesxtu.es\/es\/#organization\"},\"potentialAction\":[{\"@type\":\"SearchAction\",\"target\":{\"@type\":\"EntryPoint\",\"urlTemplate\":\"https:\/\/www.matesxtu.es\/es\/?s={search_term_string}\"},\"query-input\":{\"@type\":\"PropertyValueSpecification\",\"valueRequired\":true,\"valueName\":\"search_term_string\"}}],\"inLanguage\":\"es\"},{\"@type\":\"Organization\",\"@id\":\"https:\/\/www.matesxtu.es\/es\/#organization\",\"name\":\"MATESxTU Academia de matematicas\",\"url\":\"https:\/\/www.matesxtu.es\/es\/\",\"logo\":{\"@type\":\"ImageObject\",\"inLanguage\":\"es\",\"@id\":\"https:\/\/www.matesxtu.es\/es\/#\/schema\/logo\/image\/\",\"url\":\"https:\/\/www.matesxtu.es\/es\/wp-content\/uploads\/sites\/2\/2021\/02\/logo_matesxtu_A4-2-e1612497302468.png\",\"contentUrl\":\"https:\/\/www.matesxtu.es\/es\/wp-content\/uploads\/sites\/2\/2021\/02\/logo_matesxtu_A4-2-e1612497302468.png\",\"width\":588,\"height\":499,\"caption\":\"MATESxTU Academia de matematicas\"},\"image\":{\"@id\":\"https:\/\/www.matesxtu.es\/es\/#\/schema\/logo\/image\/\"},\"sameAs\":[\"https:\/\/www.facebook.com\/Matesxtu-1465218103742467\/\",\"https:\/\/x.com\/elenabarberomxt\",\"https:\/\/www.instagram.com\/matesxtu\/\",\"https:\/\/www.linkedin.com\/in\/elena-barbero-revert\u00e9-aa8a4160\/\",\"https:\/\/www.youtube.com\/channel\/UCYS6kEJxsS2mT6VGEkNFOFQ\"]},{\"@type\":\"Person\",\"@id\":\"https:\/\/www.matesxtu.es\/es\/#\/schema\/person\/c57f83ae638b94d757837fb633da0591\",\"name\":\"elenadmin\",\"image\":{\"@type\":\"ImageObject\",\"inLanguage\":\"es\",\"@id\":\"https:\/\/www.matesxtu.es\/es\/#\/schema\/person\/image\/\",\"url\":\"https:\/\/secure.gravatar.com\/avatar\/1b9cd9b6f50ba6010e41a243d1d6f9740c64192342cdb8d6318bf7a32cfb3175?s=96&d=mm&r=g\",\"contentUrl\":\"https:\/\/secure.gravatar.com\/avatar\/1b9cd9b6f50ba6010e41a243d1d6f9740c64192342cdb8d6318bf7a32cfb3175?s=96&d=mm&r=g\",\"caption\":\"elenadmin\"},\"sameAs\":[\"http:\/\/www.matesxtu.es\"]}]}<\/script>\n<!-- \/ Yoast SEO plugin. -->","yoast_head_json":{"title":"Clases del S.XIX, profesores del S.XX y alumnos del S.XXI - MATESxTU educaci\u00f3n","robots":{"index":"index","follow":"follow","max-snippet":"max-snippet:-1","max-image-preview":"max-image-preview:large","max-video-preview":"max-video-preview:-1"},"canonical":"https:\/\/www.matesxtu.es\/es\/clases-del-s-xix-profesores-del-s-xx-y-alumnos-del-s-xxi\/","og_locale":"es_ES","og_type":"article","og_title":"Clases del S.XIX, profesores del S.XX y alumnos del S.XXI - MATESxTU educaci\u00f3n","og_description":"Este titular es de una profesora de la Universidad Internacional de la Rioja, pero me ha parecido una foto perfecta del sistema educativo actual: &#8211; Clases magistrales , originadas en el sistema productivo de la revoluci\u00f3n industrial. &#8211; Profesores que en su mayor\u00eda finalizaron su formaci\u00f3n antes de la revoluci\u00f3n tecnol\u00f3gica. &#8211; Alumnos nativos digitales, [&hellip;]","og_url":"https:\/\/www.matesxtu.es\/es\/clases-del-s-xix-profesores-del-s-xx-y-alumnos-del-s-xxi\/","og_site_name":"MATESxTU educaci\u00f3n","article_publisher":"https:\/\/www.facebook.com\/Matesxtu-1465218103742467\/","article_published_time":"2017-03-13T20:00:18+00:00","article_modified_time":"2021-02-21T12:09:03+00:00","og_image":[{"width":576,"height":1024,"url":"https:\/\/www.matesxtu.es\/es\/wp-content\/uploads\/sites\/2\/2017\/03\/test-feria-de-los-gallos-2015-576x1024.jpg","type":"image\/jpeg"}],"author":"elenadmin","twitter_card":"summary_large_image","twitter_creator":"@elenabarberomxt","twitter_site":"@elenabarberomxt","twitter_misc":{"Escrito por":"elenadmin","Tiempo de lectura":"1 minuto"},"schema":{"@context":"https:\/\/schema.org","@graph":[{"@type":"Article","@id":"https:\/\/www.matesxtu.es\/es\/clases-del-s-xix-profesores-del-s-xx-y-alumnos-del-s-xxi\/#article","isPartOf":{"@id":"https:\/\/www.matesxtu.es\/es\/clases-del-s-xix-profesores-del-s-xx-y-alumnos-del-s-xxi\/"},"author":{"name":"elenadmin","@id":"https:\/\/www.matesxtu.es\/es\/#\/schema\/person\/c57f83ae638b94d757837fb633da0591"},"headline":"Clases del S.XIX, profesores del S.XX y alumnos del S.XXI","datePublished":"2017-03-13T20:00:18+00:00","dateModified":"2021-02-21T12:09:03+00:00","mainEntityOfPage":{"@id":"https:\/\/www.matesxtu.es\/es\/clases-del-s-xix-profesores-del-s-xx-y-alumnos-del-s-xxi\/"},"wordCount":165,"commentCount":0,"publisher":{"@id":"https:\/\/www.matesxtu.es\/es\/#organization"},"image":{"@id":"https:\/\/www.matesxtu.es\/es\/clases-del-s-xix-profesores-del-s-xx-y-alumnos-del-s-xxi\/#primaryimage"},"thumbnailUrl":"https:\/\/www.matesxtu.es\/es\/wp-content\/uploads\/sites\/2\/2017\/03\/test-feria-de-los-gallos-2015.jpg","articleSection":["NOVEDADES MATESxTU"],"inLanguage":"es","potentialAction":[{"@type":"CommentAction","name":"Comment","target":["https:\/\/www.matesxtu.es\/es\/clases-del-s-xix-profesores-del-s-xx-y-alumnos-del-s-xxi\/#respond"]}]},{"@type":"WebPage","@id":"https:\/\/www.matesxtu.es\/es\/clases-del-s-xix-profesores-del-s-xx-y-alumnos-del-s-xxi\/","url":"https:\/\/www.matesxtu.es\/es\/clases-del-s-xix-profesores-del-s-xx-y-alumnos-del-s-xxi\/","name":"Clases del S.XIX, profesores del S.XX y alumnos del S.XXI - MATESxTU educaci\u00f3n","isPartOf":{"@id":"https:\/\/www.matesxtu.es\/es\/#website"},"primaryImageOfPage":{"@id":"https:\/\/www.matesxtu.es\/es\/clases-del-s-xix-profesores-del-s-xx-y-alumnos-del-s-xxi\/#primaryimage"},"image":{"@id":"https:\/\/www.matesxtu.es\/es\/clases-del-s-xix-profesores-del-s-xx-y-alumnos-del-s-xxi\/#primaryimage"},"thumbnailUrl":"https:\/\/www.matesxtu.es\/es\/wp-content\/uploads\/sites\/2\/2017\/03\/test-feria-de-los-gallos-2015.jpg","datePublished":"2017-03-13T20:00:18+00:00","dateModified":"2021-02-21T12:09:03+00:00","breadcrumb":{"@id":"https:\/\/www.matesxtu.es\/es\/clases-del-s-xix-profesores-del-s-xx-y-alumnos-del-s-xxi\/#breadcrumb"},"inLanguage":"es","potentialAction":[{"@type":"ReadAction","target":["https:\/\/www.matesxtu.es\/es\/clases-del-s-xix-profesores-del-s-xx-y-alumnos-del-s-xxi\/"]}]},{"@type":"ImageObject","inLanguage":"es","@id":"https:\/\/www.matesxtu.es\/es\/clases-del-s-xix-profesores-del-s-xx-y-alumnos-del-s-xxi\/#primaryimage","url":"https:\/\/www.matesxtu.es\/es\/wp-content\/uploads\/sites\/2\/2017\/03\/test-feria-de-los-gallos-2015.jpg","contentUrl":"https:\/\/www.matesxtu.es\/es\/wp-content\/uploads\/sites\/2\/2017\/03\/test-feria-de-los-gallos-2015.jpg","width":2988,"height":5312},{"@type":"BreadcrumbList","@id":"https:\/\/www.matesxtu.es\/es\/clases-del-s-xix-profesores-del-s-xx-y-alumnos-del-s-xxi\/#breadcrumb","itemListElement":[{"@type":"ListItem","position":1,"name":"Inici","item":"https:\/\/www.matesxtu.es\/es\/"},{"@type":"ListItem","position":2,"name":"Clases del S.XIX, profesores del S.XX y alumnos del S.XXI"}]},{"@type":"WebSite","@id":"https:\/\/www.matesxtu.es\/es\/#website","url":"https:\/\/www.matesxtu.es\/es\/","name":"MATESxTU educaci\u00f3n","description":"MATESxTU  = + x TODOS","publisher":{"@id":"https:\/\/www.matesxtu.es\/es\/#organization"},"potentialAction":[{"@type":"SearchAction","target":{"@type":"EntryPoint","urlTemplate":"https:\/\/www.matesxtu.es\/es\/?s={search_term_string}"},"query-input":{"@type":"PropertyValueSpecification","valueRequired":true,"valueName":"search_term_string"}}],"inLanguage":"es"},{"@type":"Organization","@id":"https:\/\/www.matesxtu.es\/es\/#organization","name":"MATESxTU Academia de matematicas","url":"https:\/\/www.matesxtu.es\/es\/","logo":{"@type":"ImageObject","inLanguage":"es","@id":"https:\/\/www.matesxtu.es\/es\/#\/schema\/logo\/image\/","url":"https:\/\/www.matesxtu.es\/es\/wp-content\/uploads\/sites\/2\/2021\/02\/logo_matesxtu_A4-2-e1612497302468.png","contentUrl":"https:\/\/www.matesxtu.es\/es\/wp-content\/uploads\/sites\/2\/2021\/02\/logo_matesxtu_A4-2-e1612497302468.png","width":588,"height":499,"caption":"MATESxTU Academia de matematicas"},"image":{"@id":"https:\/\/www.matesxtu.es\/es\/#\/schema\/logo\/image\/"},"sameAs":["https:\/\/www.facebook.com\/Matesxtu-1465218103742467\/","https:\/\/x.com\/elenabarberomxt","https:\/\/www.instagram.com\/matesxtu\/","https:\/\/www.linkedin.com\/in\/elena-barbero-revert\u00e9-aa8a4160\/","https:\/\/www.youtube.com\/channel\/UCYS6kEJxsS2mT6VGEkNFOFQ"]},{"@type":"Person","@id":"https:\/\/www.matesxtu.es\/es\/#\/schema\/person\/c57f83ae638b94d757837fb633da0591","name":"elenadmin","image":{"@type":"ImageObject","inLanguage":"es","@id":"https:\/\/www.matesxtu.es\/es\/#\/schema\/person\/image\/","url":"https:\/\/secure.gravatar.com\/avatar\/1b9cd9b6f50ba6010e41a243d1d6f9740c64192342cdb8d6318bf7a32cfb3175?s=96&d=mm&r=g","contentUrl":"https:\/\/secure.gravatar.com\/avatar\/1b9cd9b6f50ba6010e41a243d1d6f9740c64192342cdb8d6318bf7a32cfb3175?s=96&d=mm&r=g","caption":"elenadmin"},"sameAs":["http:\/\/www.matesxtu.es"]}]}},"jetpack_publicize_connections":[],"jetpack_featured_media_url":"https:\/\/www.matesxtu.es\/es\/wp-content\/uploads\/sites\/2\/2017\/03\/test-feria-de-los-gallos-2015.jpg","jetpack_sharing_enabled":true,"_links":{"self":[{"href":"https:\/\/www.matesxtu.es\/es\/wp-json\/wp\/v2\/posts\/679","targetHints":{"allow":["GET"]}}],"collection":[{"href":"https:\/\/www.matesxtu.es\/es\/wp-json\/wp\/v2\/posts"}],"about":[{"href":"https:\/\/www.matesxtu.es\/es\/wp-json\/wp\/v2\/types\/post"}],"author":[{"embeddable":true,"href":"https:\/\/www.matesxtu.es\/es\/wp-json\/wp\/v2\/users\/1"}],"replies":[{"embeddable":true,"href":"https:\/\/www.matesxtu.es\/es\/wp-json\/wp\/v2\/comments?post=679"}],"version-history":[{"count":5,"href":"https:\/\/www.matesxtu.es\/es\/wp-json\/wp\/v2\/posts\/679\/revisions"}],"predecessor-version":[{"id":904,"href":"https:\/\/www.matesxtu.es\/es\/wp-json\/wp\/v2\/posts\/679\/revisions\/904"}],"wp:featuredmedia":[{"embeddable":true,"href":"https:\/\/www.matesxtu.es\/es\/wp-json\/wp\/v2\/media\/683"}],"wp:attachment":[{"href":"https:\/\/www.matesxtu.es\/es\/wp-json\/wp\/v2\/media?parent=679"}],"wp:term":[{"taxonomy":"category","embeddable":true,"href":"https:\/\/www.matesxtu.es\/es\/wp-json\/wp\/v2\/categories?post=679"},{"taxonomy":"post_tag","embeddable":true,"href":"https:\/\/www.matesxtu.es\/es\/wp-json\/wp\/v2\/tags?post=679"}],"curies":[{"name":"wp","href":"https:\/\/api.w.org\/{rel}","templated":true}]}}