{"id":594,"date":"2016-05-05T21:00:55","date_gmt":"2016-05-05T20:00:55","guid":{"rendered":"http:\/\/www.matesxtu.es\/es\/?p=594"},"modified":"2021-02-21T13:20:14","modified_gmt":"2021-02-21T12:20:14","slug":"mxt-con-la-matiprat-2016","status":"publish","type":"post","link":"https:\/\/www.matesxtu.es\/es\/mxt-con-la-matiprat-2016\/","title":{"rendered":"MxT CON LA MATIPRAT 2016"},"content":{"rendered":"<p>MATIPRAT es una gincana matem\u00e1tica que quiere reivindicar y promover el gusto por esta asignatura. Fue ideada en 2014 por el Centro de Recursos Pedag\u00f3gicos del Prat y un equipo de profesores de matem\u00e1ticas de dos institutos de la ciudad. Lo que inici\u00f3 con 200 alumnos se ha convertido en un evento en el que participan 570 alumnos de 8 centros, adem\u00e1s de profesores, voluntarios y personal organizativo.<\/p>\n<p>Es un ejemplo de acercamiento de las matem\u00e1ticas al entorno cotidiano de los alumnos, de apertura de las escuelas a la ciudad, de inclusi\u00f3n, de trabajo en equipo, &#8230; MxT quiere acompa\u00f1ar a todos estos chicos, voluntarios y organizadores en este gran proyecto.<\/p>\n<p><a href=\"https:\/\/www.matesxtu.es\/es\/wp-content\/uploads\/sites\/2\/2016\/05\/Quin-dia-se-celebra-el-Dia-escolar-de-les-matematiques.jpg\"><img loading=\"lazy\" decoding=\"async\" data-attachment-id=\"595\" data-permalink=\"https:\/\/www.matesxtu.es\/es\/mxt-con-la-matiprat-2016\/quin-dia-se-celebra-el-dia-escolar-de-les-matematiques\/\" data-orig-file=\"https:\/\/www.matesxtu.es\/es\/wp-content\/uploads\/sites\/2\/2016\/05\/Quin-dia-se-celebra-el-Dia-escolar-de-les-matematiques.jpg\" data-orig-size=\"631,886\" data-comments-opened=\"1\" data-image-meta=\"{&quot;aperture&quot;:&quot;0&quot;,&quot;credit&quot;:&quot;&quot;,&quot;camera&quot;:&quot;&quot;,&quot;caption&quot;:&quot;&quot;,&quot;created_timestamp&quot;:&quot;0&quot;,&quot;copyright&quot;:&quot;&quot;,&quot;focal_length&quot;:&quot;0&quot;,&quot;iso&quot;:&quot;0&quot;,&quot;shutter_speed&quot;:&quot;0&quot;,&quot;title&quot;:&quot;&quot;}\" data-image-title=\"Quin-dia-se-celebra-el-Dia-escolar-de-les-matematiques\" data-image-description=\"\" data-image-caption=\"\" data-medium-file=\"https:\/\/www.matesxtu.es\/es\/wp-content\/uploads\/sites\/2\/2016\/05\/Quin-dia-se-celebra-el-Dia-escolar-de-les-matematiques-213x300.jpg\" data-large-file=\"https:\/\/www.matesxtu.es\/es\/wp-content\/uploads\/sites\/2\/2016\/05\/Quin-dia-se-celebra-el-Dia-escolar-de-les-matematiques.jpg\" src=\"https:\/\/www.matesxtu.es\/es\/wp-content\/uploads\/sites\/2\/2016\/05\/Quin-dia-se-celebra-el-Dia-escolar-de-les-matematiques-213x300.jpg\" alt=\"Quin-dia-se-celebra-el-Dia-escolar-de-les-matematiques\" width=\"213\" height=\"300\" class=\"aligncenter size-medium wp-image-595\" srcset=\"https:\/\/www.matesxtu.es\/es\/wp-content\/uploads\/sites\/2\/2016\/05\/Quin-dia-se-celebra-el-Dia-escolar-de-les-matematiques-213x300.jpg 213w, https:\/\/www.matesxtu.es\/es\/wp-content\/uploads\/sites\/2\/2016\/05\/Quin-dia-se-celebra-el-Dia-escolar-de-les-matematiques.jpg 631w\" sizes=\"auto, (max-width: 213px) 100vw, 213px\" \/><\/a><\/p>\n","protected":false},"excerpt":{"rendered":"<p>MATIPRAT es una gincana matem\u00e1tica que quiere reivindicar y promover el gusto por esta asignatura. Fue ideada en 2014 por el Centro de Recursos Pedag\u00f3gicos del Prat y un equipo de profesores de matem\u00e1ticas de dos institutos de la ciudad. Lo que inici\u00f3 con 200 alumnos se ha convertido en un evento en el que [&hellip;]<\/p>\n","protected":false},"author":1,"featured_media":595,"comment_status":"open","ping_status":"open","sticky":false,"template":"","format":"standard","meta":{"jetpack_post_was_ever_published":false,"_jetpack_newsletter_access":"","_jetpack_dont_email_post_to_subs":false,"_jetpack_newsletter_tier_id":0,"_jetpack_memberships_contains_paywalled_content":false,"_jetpack_memberships_contains_paid_content":false,"footnotes":"","jetpack_publicize_message":"","jetpack_publicize_feature_enabled":true,"jetpack_social_post_already_shared":true,"jetpack_social_options":{"image_generator_settings":{"template":"highway","default_image_id":0,"enabled":false},"version":2}},"categories":[6],"tags":[],"class_list":["post-594","post","type-post","status-publish","format-standard","has-post-thumbnail","hentry","category-novedades-matesxtu"],"yoast_head":"<!-- This site is optimized with the Yoast SEO plugin v25.8 - https:\/\/yoast.com\/wordpress\/plugins\/seo\/ -->\n<title>MxT CON LA MATIPRAT 2016 - MATESxTU educaci\u00f3n<\/title>\n<meta name=\"robots\" content=\"index, follow, max-snippet:-1, max-image-preview:large, max-video-preview:-1\" \/>\n<link rel=\"canonical\" href=\"https:\/\/www.matesxtu.es\/es\/mxt-con-la-matiprat-2016\/\" \/>\n<meta property=\"og:locale\" content=\"es_ES\" \/>\n<meta property=\"og:type\" content=\"article\" \/>\n<meta property=\"og:title\" content=\"MxT CON LA MATIPRAT 2016 - MATESxTU educaci\u00f3n\" \/>\n<meta property=\"og:description\" content=\"MATIPRAT es una gincana matem\u00e1tica que quiere reivindicar y promover el gusto por esta asignatura. Fue ideada en 2014 por el Centro de Recursos Pedag\u00f3gicos del Prat y un equipo de profesores de matem\u00e1ticas de dos institutos de la ciudad. Lo que inici\u00f3 con 200 alumnos se ha convertido en un evento en el que [&hellip;]\" \/>\n<meta property=\"og:url\" content=\"https:\/\/www.matesxtu.es\/es\/mxt-con-la-matiprat-2016\/\" \/>\n<meta property=\"og:site_name\" content=\"MATESxTU educaci\u00f3n\" \/>\n<meta property=\"article:publisher\" content=\"https:\/\/www.facebook.com\/Matesxtu-1465218103742467\/\" \/>\n<meta property=\"article:published_time\" content=\"2016-05-05T20:00:55+00:00\" \/>\n<meta property=\"article:modified_time\" content=\"2021-02-21T12:20:14+00:00\" \/>\n<meta property=\"og:image\" content=\"https:\/\/www.matesxtu.es\/es\/wp-content\/uploads\/sites\/2\/2016\/05\/Quin-dia-se-celebra-el-Dia-escolar-de-les-matematiques.jpg\" \/>\n\t<meta property=\"og:image:width\" content=\"631\" \/>\n\t<meta property=\"og:image:height\" content=\"886\" \/>\n\t<meta property=\"og:image:type\" content=\"image\/jpeg\" \/>\n<meta name=\"author\" content=\"elenadmin\" \/>\n<meta name=\"twitter:card\" content=\"summary_large_image\" \/>\n<meta name=\"twitter:creator\" content=\"@elenabarberomxt\" \/>\n<meta name=\"twitter:site\" content=\"@elenabarberomxt\" \/>\n<meta name=\"twitter:label1\" content=\"Escrito por\" \/>\n\t<meta name=\"twitter:data1\" content=\"elenadmin\" \/>\n\t<meta name=\"twitter:label2\" content=\"Tiempo de lectura\" \/>\n\t<meta name=\"twitter:data2\" content=\"1 minuto\" \/>\n<script type=\"application\/ld+json\" class=\"yoast-schema-graph\">{\"@context\":\"https:\/\/schema.org\",\"@graph\":[{\"@type\":\"Article\",\"@id\":\"https:\/\/www.matesxtu.es\/es\/mxt-con-la-matiprat-2016\/#article\",\"isPartOf\":{\"@id\":\"https:\/\/www.matesxtu.es\/es\/mxt-con-la-matiprat-2016\/\"},\"author\":{\"name\":\"elenadmin\",\"@id\":\"https:\/\/www.matesxtu.es\/es\/#\/schema\/person\/c57f83ae638b94d757837fb633da0591\"},\"headline\":\"MxT CON LA MATIPRAT 2016\",\"datePublished\":\"2016-05-05T20:00:55+00:00\",\"dateModified\":\"2021-02-21T12:20:14+00:00\",\"mainEntityOfPage\":{\"@id\":\"https:\/\/www.matesxtu.es\/es\/mxt-con-la-matiprat-2016\/\"},\"wordCount\":117,\"commentCount\":0,\"publisher\":{\"@id\":\"https:\/\/www.matesxtu.es\/es\/#organization\"},\"image\":{\"@id\":\"https:\/\/www.matesxtu.es\/es\/mxt-con-la-matiprat-2016\/#primaryimage\"},\"thumbnailUrl\":\"https:\/\/www.matesxtu.es\/es\/wp-content\/uploads\/sites\/2\/2016\/05\/Quin-dia-se-celebra-el-Dia-escolar-de-les-matematiques.jpg\",\"articleSection\":[\"NOVEDADES MATESxTU\"],\"inLanguage\":\"es\",\"potentialAction\":[{\"@type\":\"CommentAction\",\"name\":\"Comment\",\"target\":[\"https:\/\/www.matesxtu.es\/es\/mxt-con-la-matiprat-2016\/#respond\"]}]},{\"@type\":\"WebPage\",\"@id\":\"https:\/\/www.matesxtu.es\/es\/mxt-con-la-matiprat-2016\/\",\"url\":\"https:\/\/www.matesxtu.es\/es\/mxt-con-la-matiprat-2016\/\",\"name\":\"MxT CON LA MATIPRAT 2016 - MATESxTU educaci\u00f3n\",\"isPartOf\":{\"@id\":\"https:\/\/www.matesxtu.es\/es\/#website\"},\"primaryImageOfPage\":{\"@id\":\"https:\/\/www.matesxtu.es\/es\/mxt-con-la-matiprat-2016\/#primaryimage\"},\"image\":{\"@id\":\"https:\/\/www.matesxtu.es\/es\/mxt-con-la-matiprat-2016\/#primaryimage\"},\"thumbnailUrl\":\"https:\/\/www.matesxtu.es\/es\/wp-content\/uploads\/sites\/2\/2016\/05\/Quin-dia-se-celebra-el-Dia-escolar-de-les-matematiques.jpg\",\"datePublished\":\"2016-05-05T20:00:55+00:00\",\"dateModified\":\"2021-02-21T12:20:14+00:00\",\"breadcrumb\":{\"@id\":\"https:\/\/www.matesxtu.es\/es\/mxt-con-la-matiprat-2016\/#breadcrumb\"},\"inLanguage\":\"es\",\"potentialAction\":[{\"@type\":\"ReadAction\",\"target\":[\"https:\/\/www.matesxtu.es\/es\/mxt-con-la-matiprat-2016\/\"]}]},{\"@type\":\"ImageObject\",\"inLanguage\":\"es\",\"@id\":\"https:\/\/www.matesxtu.es\/es\/mxt-con-la-matiprat-2016\/#primaryimage\",\"url\":\"https:\/\/www.matesxtu.es\/es\/wp-content\/uploads\/sites\/2\/2016\/05\/Quin-dia-se-celebra-el-Dia-escolar-de-les-matematiques.jpg\",\"contentUrl\":\"https:\/\/www.matesxtu.es\/es\/wp-content\/uploads\/sites\/2\/2016\/05\/Quin-dia-se-celebra-el-Dia-escolar-de-les-matematiques.jpg\",\"width\":631,\"height\":886},{\"@type\":\"BreadcrumbList\",\"@id\":\"https:\/\/www.matesxtu.es\/es\/mxt-con-la-matiprat-2016\/#breadcrumb\",\"itemListElement\":[{\"@type\":\"ListItem\",\"position\":1,\"name\":\"Inici\",\"item\":\"https:\/\/www.matesxtu.es\/es\/\"},{\"@type\":\"ListItem\",\"position\":2,\"name\":\"MxT CON LA MATIPRAT 2016\"}]},{\"@type\":\"WebSite\",\"@id\":\"https:\/\/www.matesxtu.es\/es\/#website\",\"url\":\"https:\/\/www.matesxtu.es\/es\/\",\"name\":\"MATESxTU educaci\u00f3n\",\"description\":\"MATESxTU  = + x TODOS\",\"publisher\":{\"@id\":\"https:\/\/www.matesxtu.es\/es\/#organization\"},\"potentialAction\":[{\"@type\":\"SearchAction\",\"target\":{\"@type\":\"EntryPoint\",\"urlTemplate\":\"https:\/\/www.matesxtu.es\/es\/?s={search_term_string}\"},\"query-input\":{\"@type\":\"PropertyValueSpecification\",\"valueRequired\":true,\"valueName\":\"search_term_string\"}}],\"inLanguage\":\"es\"},{\"@type\":\"Organization\",\"@id\":\"https:\/\/www.matesxtu.es\/es\/#organization\",\"name\":\"MATESxTU Academia de matematicas\",\"url\":\"https:\/\/www.matesxtu.es\/es\/\",\"logo\":{\"@type\":\"ImageObject\",\"inLanguage\":\"es\",\"@id\":\"https:\/\/www.matesxtu.es\/es\/#\/schema\/logo\/image\/\",\"url\":\"https:\/\/www.matesxtu.es\/es\/wp-content\/uploads\/sites\/2\/2021\/02\/logo_matesxtu_A4-2-e1612497302468.png\",\"contentUrl\":\"https:\/\/www.matesxtu.es\/es\/wp-content\/uploads\/sites\/2\/2021\/02\/logo_matesxtu_A4-2-e1612497302468.png\",\"width\":588,\"height\":499,\"caption\":\"MATESxTU Academia de matematicas\"},\"image\":{\"@id\":\"https:\/\/www.matesxtu.es\/es\/#\/schema\/logo\/image\/\"},\"sameAs\":[\"https:\/\/www.facebook.com\/Matesxtu-1465218103742467\/\",\"https:\/\/x.com\/elenabarberomxt\",\"https:\/\/www.instagram.com\/matesxtu\/\",\"https:\/\/www.linkedin.com\/in\/elena-barbero-revert\u00e9-aa8a4160\/\",\"https:\/\/www.youtube.com\/channel\/UCYS6kEJxsS2mT6VGEkNFOFQ\"]},{\"@type\":\"Person\",\"@id\":\"https:\/\/www.matesxtu.es\/es\/#\/schema\/person\/c57f83ae638b94d757837fb633da0591\",\"name\":\"elenadmin\",\"image\":{\"@type\":\"ImageObject\",\"inLanguage\":\"es\",\"@id\":\"https:\/\/www.matesxtu.es\/es\/#\/schema\/person\/image\/\",\"url\":\"https:\/\/secure.gravatar.com\/avatar\/1b9cd9b6f50ba6010e41a243d1d6f9740c64192342cdb8d6318bf7a32cfb3175?s=96&d=mm&r=g\",\"contentUrl\":\"https:\/\/secure.gravatar.com\/avatar\/1b9cd9b6f50ba6010e41a243d1d6f9740c64192342cdb8d6318bf7a32cfb3175?s=96&d=mm&r=g\",\"caption\":\"elenadmin\"},\"sameAs\":[\"http:\/\/www.matesxtu.es\"]}]}<\/script>\n<!-- \/ Yoast SEO plugin. -->","yoast_head_json":{"title":"MxT CON LA MATIPRAT 2016 - MATESxTU educaci\u00f3n","robots":{"index":"index","follow":"follow","max-snippet":"max-snippet:-1","max-image-preview":"max-image-preview:large","max-video-preview":"max-video-preview:-1"},"canonical":"https:\/\/www.matesxtu.es\/es\/mxt-con-la-matiprat-2016\/","og_locale":"es_ES","og_type":"article","og_title":"MxT CON LA MATIPRAT 2016 - MATESxTU educaci\u00f3n","og_description":"MATIPRAT es una gincana matem\u00e1tica que quiere reivindicar y promover el gusto por esta asignatura. Fue ideada en 2014 por el Centro de Recursos Pedag\u00f3gicos del Prat y un equipo de profesores de matem\u00e1ticas de dos institutos de la ciudad. Lo que inici\u00f3 con 200 alumnos se ha convertido en un evento en el que [&hellip;]","og_url":"https:\/\/www.matesxtu.es\/es\/mxt-con-la-matiprat-2016\/","og_site_name":"MATESxTU educaci\u00f3n","article_publisher":"https:\/\/www.facebook.com\/Matesxtu-1465218103742467\/","article_published_time":"2016-05-05T20:00:55+00:00","article_modified_time":"2021-02-21T12:20:14+00:00","og_image":[{"width":631,"height":886,"url":"https:\/\/www.matesxtu.es\/es\/wp-content\/uploads\/sites\/2\/2016\/05\/Quin-dia-se-celebra-el-Dia-escolar-de-les-matematiques.jpg","type":"image\/jpeg"}],"author":"elenadmin","twitter_card":"summary_large_image","twitter_creator":"@elenabarberomxt","twitter_site":"@elenabarberomxt","twitter_misc":{"Escrito por":"elenadmin","Tiempo de lectura":"1 minuto"},"schema":{"@context":"https:\/\/schema.org","@graph":[{"@type":"Article","@id":"https:\/\/www.matesxtu.es\/es\/mxt-con-la-matiprat-2016\/#article","isPartOf":{"@id":"https:\/\/www.matesxtu.es\/es\/mxt-con-la-matiprat-2016\/"},"author":{"name":"elenadmin","@id":"https:\/\/www.matesxtu.es\/es\/#\/schema\/person\/c57f83ae638b94d757837fb633da0591"},"headline":"MxT CON LA MATIPRAT 2016","datePublished":"2016-05-05T20:00:55+00:00","dateModified":"2021-02-21T12:20:14+00:00","mainEntityOfPage":{"@id":"https:\/\/www.matesxtu.es\/es\/mxt-con-la-matiprat-2016\/"},"wordCount":117,"commentCount":0,"publisher":{"@id":"https:\/\/www.matesxtu.es\/es\/#organization"},"image":{"@id":"https:\/\/www.matesxtu.es\/es\/mxt-con-la-matiprat-2016\/#primaryimage"},"thumbnailUrl":"https:\/\/www.matesxtu.es\/es\/wp-content\/uploads\/sites\/2\/2016\/05\/Quin-dia-se-celebra-el-Dia-escolar-de-les-matematiques.jpg","articleSection":["NOVEDADES MATESxTU"],"inLanguage":"es","potentialAction":[{"@type":"CommentAction","name":"Comment","target":["https:\/\/www.matesxtu.es\/es\/mxt-con-la-matiprat-2016\/#respond"]}]},{"@type":"WebPage","@id":"https:\/\/www.matesxtu.es\/es\/mxt-con-la-matiprat-2016\/","url":"https:\/\/www.matesxtu.es\/es\/mxt-con-la-matiprat-2016\/","name":"MxT CON LA MATIPRAT 2016 - MATESxTU educaci\u00f3n","isPartOf":{"@id":"https:\/\/www.matesxtu.es\/es\/#website"},"primaryImageOfPage":{"@id":"https:\/\/www.matesxtu.es\/es\/mxt-con-la-matiprat-2016\/#primaryimage"},"image":{"@id":"https:\/\/www.matesxtu.es\/es\/mxt-con-la-matiprat-2016\/#primaryimage"},"thumbnailUrl":"https:\/\/www.matesxtu.es\/es\/wp-content\/uploads\/sites\/2\/2016\/05\/Quin-dia-se-celebra-el-Dia-escolar-de-les-matematiques.jpg","datePublished":"2016-05-05T20:00:55+00:00","dateModified":"2021-02-21T12:20:14+00:00","breadcrumb":{"@id":"https:\/\/www.matesxtu.es\/es\/mxt-con-la-matiprat-2016\/#breadcrumb"},"inLanguage":"es","potentialAction":[{"@type":"ReadAction","target":["https:\/\/www.matesxtu.es\/es\/mxt-con-la-matiprat-2016\/"]}]},{"@type":"ImageObject","inLanguage":"es","@id":"https:\/\/www.matesxtu.es\/es\/mxt-con-la-matiprat-2016\/#primaryimage","url":"https:\/\/www.matesxtu.es\/es\/wp-content\/uploads\/sites\/2\/2016\/05\/Quin-dia-se-celebra-el-Dia-escolar-de-les-matematiques.jpg","contentUrl":"https:\/\/www.matesxtu.es\/es\/wp-content\/uploads\/sites\/2\/2016\/05\/Quin-dia-se-celebra-el-Dia-escolar-de-les-matematiques.jpg","width":631,"height":886},{"@type":"BreadcrumbList","@id":"https:\/\/www.matesxtu.es\/es\/mxt-con-la-matiprat-2016\/#breadcrumb","itemListElement":[{"@type":"ListItem","position":1,"name":"Inici","item":"https:\/\/www.matesxtu.es\/es\/"},{"@type":"ListItem","position":2,"name":"MxT CON LA MATIPRAT 2016"}]},{"@type":"WebSite","@id":"https:\/\/www.matesxtu.es\/es\/#website","url":"https:\/\/www.matesxtu.es\/es\/","name":"MATESxTU educaci\u00f3n","description":"MATESxTU  = + x TODOS","publisher":{"@id":"https:\/\/www.matesxtu.es\/es\/#organization"},"potentialAction":[{"@type":"SearchAction","target":{"@type":"EntryPoint","urlTemplate":"https:\/\/www.matesxtu.es\/es\/?s={search_term_string}"},"query-input":{"@type":"PropertyValueSpecification","valueRequired":true,"valueName":"search_term_string"}}],"inLanguage":"es"},{"@type":"Organization","@id":"https:\/\/www.matesxtu.es\/es\/#organization","name":"MATESxTU Academia de matematicas","url":"https:\/\/www.matesxtu.es\/es\/","logo":{"@type":"ImageObject","inLanguage":"es","@id":"https:\/\/www.matesxtu.es\/es\/#\/schema\/logo\/image\/","url":"https:\/\/www.matesxtu.es\/es\/wp-content\/uploads\/sites\/2\/2021\/02\/logo_matesxtu_A4-2-e1612497302468.png","contentUrl":"https:\/\/www.matesxtu.es\/es\/wp-content\/uploads\/sites\/2\/2021\/02\/logo_matesxtu_A4-2-e1612497302468.png","width":588,"height":499,"caption":"MATESxTU Academia de matematicas"},"image":{"@id":"https:\/\/www.matesxtu.es\/es\/#\/schema\/logo\/image\/"},"sameAs":["https:\/\/www.facebook.com\/Matesxtu-1465218103742467\/","https:\/\/x.com\/elenabarberomxt","https:\/\/www.instagram.com\/matesxtu\/","https:\/\/www.linkedin.com\/in\/elena-barbero-revert\u00e9-aa8a4160\/","https:\/\/www.youtube.com\/channel\/UCYS6kEJxsS2mT6VGEkNFOFQ"]},{"@type":"Person","@id":"https:\/\/www.matesxtu.es\/es\/#\/schema\/person\/c57f83ae638b94d757837fb633da0591","name":"elenadmin","image":{"@type":"ImageObject","inLanguage":"es","@id":"https:\/\/www.matesxtu.es\/es\/#\/schema\/person\/image\/","url":"https:\/\/secure.gravatar.com\/avatar\/1b9cd9b6f50ba6010e41a243d1d6f9740c64192342cdb8d6318bf7a32cfb3175?s=96&d=mm&r=g","contentUrl":"https:\/\/secure.gravatar.com\/avatar\/1b9cd9b6f50ba6010e41a243d1d6f9740c64192342cdb8d6318bf7a32cfb3175?s=96&d=mm&r=g","caption":"elenadmin"},"sameAs":["http:\/\/www.matesxtu.es"]}]}},"jetpack_publicize_connections":[],"jetpack_featured_media_url":"https:\/\/www.matesxtu.es\/es\/wp-content\/uploads\/sites\/2\/2016\/05\/Quin-dia-se-celebra-el-Dia-escolar-de-les-matematiques.jpg","jetpack_sharing_enabled":true,"_links":{"self":[{"href":"https:\/\/www.matesxtu.es\/es\/wp-json\/wp\/v2\/posts\/594","targetHints":{"allow":["GET"]}}],"collection":[{"href":"https:\/\/www.matesxtu.es\/es\/wp-json\/wp\/v2\/posts"}],"about":[{"href":"https:\/\/www.matesxtu.es\/es\/wp-json\/wp\/v2\/types\/post"}],"author":[{"embeddable":true,"href":"https:\/\/www.matesxtu.es\/es\/wp-json\/wp\/v2\/users\/1"}],"replies":[{"embeddable":true,"href":"https:\/\/www.matesxtu.es\/es\/wp-json\/wp\/v2\/comments?post=594"}],"version-history":[{"count":4,"href":"https:\/\/www.matesxtu.es\/es\/wp-json\/wp\/v2\/posts\/594\/revisions"}],"predecessor-version":[{"id":920,"href":"https:\/\/www.matesxtu.es\/es\/wp-json\/wp\/v2\/posts\/594\/revisions\/920"}],"wp:featuredmedia":[{"embeddable":true,"href":"https:\/\/www.matesxtu.es\/es\/wp-json\/wp\/v2\/media\/595"}],"wp:attachment":[{"href":"https:\/\/www.matesxtu.es\/es\/wp-json\/wp\/v2\/media?parent=594"}],"wp:term":[{"taxonomy":"category","embeddable":true,"href":"https:\/\/www.matesxtu.es\/es\/wp-json\/wp\/v2\/categories?post=594"},{"taxonomy":"post_tag","embeddable":true,"href":"https:\/\/www.matesxtu.es\/es\/wp-json\/wp\/v2\/tags?post=594"}],"curies":[{"name":"wp","href":"https:\/\/api.w.org\/{rel}","templated":true}]}}