{"id":391,"date":"2015-02-11T18:40:58","date_gmt":"2015-02-11T17:40:58","guid":{"rendered":"http:\/\/www.matesxtu.es\/es\/?p=391"},"modified":"2021-02-21T14:16:23","modified_gmt":"2021-02-21T13:16:23","slug":"mas-matematicas-si-pero-bien-dadas-articulo-de-la-vanguardia-05022015","status":"publish","type":"post","link":"https:\/\/www.matesxtu.es\/es\/mas-matematicas-si-pero-bien-dadas-articulo-de-la-vanguardia-05022015\/","title":{"rendered":"M\u00c1S MATEM\u00c1TICAS S\u00cd, PERO BIEN DADAS. Art\u00edculo de La Vanguardia 05\/02\/2015"},"content":{"rendered":"<p>En este art\u00edculo se explica que un incremento de horas lectivas no es la soluci\u00f3n: hay que cambiar la forma de ense\u00f1ar. Apuesta por la experimentaci\u00f3n, los ejemplos cotidianos y la utilizaci\u00f3n de las matem\u00e1ticas en ciencias sociales o m\u00fasica. En MATESxTU tambi\u00e9n creemos que las matem\u00e1ticas se pueden ense\u00f1ar de otra manera y que se puede \u00abaprender haciendo\u00bb.<\/p>\n<div style=\"text-align:center;\">\n<div style=\"margin:8px 0px 4px;\"><a href=\"http:\/\/www.calameo.com\/books\/004138535339fcaef97d6\" target=\"_blank\" rel=\"noopener\">La Vanguardia 20150205 M\u00e1s Matem\u00e1ticas s\u00ed, pero bien dadas<\/a><\/div>\n<p><iframe loading=\"lazy\" src=\"\/\/v.calameo.com\/?bkcode=004138535339fcaef97d6\" width=\"300\" height=\"194\" frameborder=\"0\" scrolling=\"no\" allowtransparency=\"\" allowfullscreen=\"\" style=\"margin:0 auto;\"><\/iframe><\/p>\n<div style=\"margin:4px 0px 8px;\"><a href=\"http:\/\/www.calameo.com\/\" target=\"_blank\" rel=\"noopener\">Leer m\u00e1s publicaciones en Calam\u00e9o<\/a><\/div>\n<\/div>\n","protected":false},"excerpt":{"rendered":"<p>En este art\u00edculo se explica que un incremento de horas lectivas no es la soluci\u00f3n: hay que cambiar la forma de ense\u00f1ar. Apuesta por la experimentaci\u00f3n, los ejemplos cotidianos y la utilizaci\u00f3n de las matem\u00e1ticas en ciencias sociales o m\u00fasica. En MATESxTU tambi\u00e9n creemos que las matem\u00e1ticas se pueden ense\u00f1ar de otra manera y que [&hellip;]<\/p>\n","protected":false},"author":1,"featured_media":884,"comment_status":"open","ping_status":"open","sticky":false,"template":"","format":"standard","meta":{"jetpack_post_was_ever_published":false,"_jetpack_newsletter_access":"","_jetpack_dont_email_post_to_subs":false,"_jetpack_newsletter_tier_id":0,"_jetpack_memberships_contains_paywalled_content":false,"_jetpack_memberships_contains_paid_content":false,"footnotes":"","jetpack_publicize_message":"","jetpack_publicize_feature_enabled":true,"jetpack_social_post_already_shared":true,"jetpack_social_options":{"image_generator_settings":{"template":"highway","default_image_id":0,"enabled":false},"version":2}},"categories":[6],"tags":[],"class_list":["post-391","post","type-post","status-publish","format-standard","has-post-thumbnail","hentry","category-novedades-matesxtu"],"yoast_head":"<!-- This site is optimized with the Yoast SEO plugin v25.8 - https:\/\/yoast.com\/wordpress\/plugins\/seo\/ -->\n<title>M\u00c1S MATEM\u00c1TICAS S\u00cd, PERO BIEN DADAS. Art\u00edculo de La Vanguardia 05\/02\/2015 - MATESxTU educaci\u00f3n<\/title>\n<meta name=\"robots\" content=\"index, follow, max-snippet:-1, max-image-preview:large, max-video-preview:-1\" \/>\n<link rel=\"canonical\" href=\"https:\/\/www.matesxtu.es\/es\/mas-matematicas-si-pero-bien-dadas-articulo-de-la-vanguardia-05022015\/\" \/>\n<meta property=\"og:locale\" content=\"es_ES\" \/>\n<meta property=\"og:type\" content=\"article\" \/>\n<meta property=\"og:title\" content=\"M\u00c1S MATEM\u00c1TICAS S\u00cd, PERO BIEN DADAS. Art\u00edculo de La Vanguardia 05\/02\/2015 - MATESxTU educaci\u00f3n\" \/>\n<meta property=\"og:description\" content=\"En este art\u00edculo se explica que un incremento de horas lectivas no es la soluci\u00f3n: hay que cambiar la forma de ense\u00f1ar. Apuesta por la experimentaci\u00f3n, los ejemplos cotidianos y la utilizaci\u00f3n de las matem\u00e1ticas en ciencias sociales o m\u00fasica. En MATESxTU tambi\u00e9n creemos que las matem\u00e1ticas se pueden ense\u00f1ar de otra manera y que [&hellip;]\" \/>\n<meta property=\"og:url\" content=\"https:\/\/www.matesxtu.es\/es\/mas-matematicas-si-pero-bien-dadas-articulo-de-la-vanguardia-05022015\/\" \/>\n<meta property=\"og:site_name\" content=\"MATESxTU educaci\u00f3n\" \/>\n<meta property=\"article:publisher\" content=\"https:\/\/www.facebook.com\/Matesxtu-1465218103742467\/\" \/>\n<meta property=\"article:published_time\" content=\"2015-02-11T17:40:58+00:00\" \/>\n<meta property=\"article:modified_time\" content=\"2021-02-21T13:16:23+00:00\" \/>\n<meta property=\"og:image\" content=\"https:\/\/www.matesxtu.es\/es\/wp-content\/uploads\/sites\/2\/2021\/02\/LOGO-redondo-MATESxTU.png\" \/>\n\t<meta property=\"og:image:width\" content=\"256\" \/>\n\t<meta property=\"og:image:height\" content=\"256\" \/>\n\t<meta property=\"og:image:type\" content=\"image\/png\" \/>\n<meta name=\"author\" content=\"elenadmin\" \/>\n<meta name=\"twitter:card\" content=\"summary_large_image\" \/>\n<meta name=\"twitter:creator\" content=\"@elenabarberomxt\" \/>\n<meta name=\"twitter:site\" content=\"@elenabarberomxt\" \/>\n<meta name=\"twitter:label1\" content=\"Escrito por\" \/>\n\t<meta name=\"twitter:data1\" content=\"elenadmin\" \/>\n<script type=\"application\/ld+json\" class=\"yoast-schema-graph\">{\"@context\":\"https:\/\/schema.org\",\"@graph\":[{\"@type\":\"Article\",\"@id\":\"https:\/\/www.matesxtu.es\/es\/mas-matematicas-si-pero-bien-dadas-articulo-de-la-vanguardia-05022015\/#article\",\"isPartOf\":{\"@id\":\"https:\/\/www.matesxtu.es\/es\/mas-matematicas-si-pero-bien-dadas-articulo-de-la-vanguardia-05022015\/\"},\"author\":{\"name\":\"elenadmin\",\"@id\":\"https:\/\/www.matesxtu.es\/es\/#\/schema\/person\/c57f83ae638b94d757837fb633da0591\"},\"headline\":\"M\u00c1S MATEM\u00c1TICAS S\u00cd, PERO BIEN DADAS. Art\u00edculo de La Vanguardia 05\/02\/2015\",\"datePublished\":\"2015-02-11T17:40:58+00:00\",\"dateModified\":\"2021-02-21T13:16:23+00:00\",\"mainEntityOfPage\":{\"@id\":\"https:\/\/www.matesxtu.es\/es\/mas-matematicas-si-pero-bien-dadas-articulo-de-la-vanguardia-05022015\/\"},\"wordCount\":99,\"commentCount\":0,\"publisher\":{\"@id\":\"https:\/\/www.matesxtu.es\/es\/#organization\"},\"image\":{\"@id\":\"https:\/\/www.matesxtu.es\/es\/mas-matematicas-si-pero-bien-dadas-articulo-de-la-vanguardia-05022015\/#primaryimage\"},\"thumbnailUrl\":\"https:\/\/www.matesxtu.es\/es\/wp-content\/uploads\/sites\/2\/2021\/02\/LOGO-redondo-MATESxTU.png\",\"articleSection\":[\"NOVEDADES MATESxTU\"],\"inLanguage\":\"es\",\"potentialAction\":[{\"@type\":\"CommentAction\",\"name\":\"Comment\",\"target\":[\"https:\/\/www.matesxtu.es\/es\/mas-matematicas-si-pero-bien-dadas-articulo-de-la-vanguardia-05022015\/#respond\"]}]},{\"@type\":\"WebPage\",\"@id\":\"https:\/\/www.matesxtu.es\/es\/mas-matematicas-si-pero-bien-dadas-articulo-de-la-vanguardia-05022015\/\",\"url\":\"https:\/\/www.matesxtu.es\/es\/mas-matematicas-si-pero-bien-dadas-articulo-de-la-vanguardia-05022015\/\",\"name\":\"M\u00c1S MATEM\u00c1TICAS S\u00cd, PERO BIEN DADAS. Art\u00edculo de La Vanguardia 05\/02\/2015 - MATESxTU educaci\u00f3n\",\"isPartOf\":{\"@id\":\"https:\/\/www.matesxtu.es\/es\/#website\"},\"primaryImageOfPage\":{\"@id\":\"https:\/\/www.matesxtu.es\/es\/mas-matematicas-si-pero-bien-dadas-articulo-de-la-vanguardia-05022015\/#primaryimage\"},\"image\":{\"@id\":\"https:\/\/www.matesxtu.es\/es\/mas-matematicas-si-pero-bien-dadas-articulo-de-la-vanguardia-05022015\/#primaryimage\"},\"thumbnailUrl\":\"https:\/\/www.matesxtu.es\/es\/wp-content\/uploads\/sites\/2\/2021\/02\/LOGO-redondo-MATESxTU.png\",\"datePublished\":\"2015-02-11T17:40:58+00:00\",\"dateModified\":\"2021-02-21T13:16:23+00:00\",\"breadcrumb\":{\"@id\":\"https:\/\/www.matesxtu.es\/es\/mas-matematicas-si-pero-bien-dadas-articulo-de-la-vanguardia-05022015\/#breadcrumb\"},\"inLanguage\":\"es\",\"potentialAction\":[{\"@type\":\"ReadAction\",\"target\":[\"https:\/\/www.matesxtu.es\/es\/mas-matematicas-si-pero-bien-dadas-articulo-de-la-vanguardia-05022015\/\"]}]},{\"@type\":\"ImageObject\",\"inLanguage\":\"es\",\"@id\":\"https:\/\/www.matesxtu.es\/es\/mas-matematicas-si-pero-bien-dadas-articulo-de-la-vanguardia-05022015\/#primaryimage\",\"url\":\"https:\/\/www.matesxtu.es\/es\/wp-content\/uploads\/sites\/2\/2021\/02\/LOGO-redondo-MATESxTU.png\",\"contentUrl\":\"https:\/\/www.matesxtu.es\/es\/wp-content\/uploads\/sites\/2\/2021\/02\/LOGO-redondo-MATESxTU.png\",\"width\":256,\"height\":256},{\"@type\":\"BreadcrumbList\",\"@id\":\"https:\/\/www.matesxtu.es\/es\/mas-matematicas-si-pero-bien-dadas-articulo-de-la-vanguardia-05022015\/#breadcrumb\",\"itemListElement\":[{\"@type\":\"ListItem\",\"position\":1,\"name\":\"Inici\",\"item\":\"https:\/\/www.matesxtu.es\/es\/\"},{\"@type\":\"ListItem\",\"position\":2,\"name\":\"M\u00c1S MATEM\u00c1TICAS S\u00cd, PERO BIEN DADAS. Art\u00edculo de La Vanguardia 05\/02\/2015\"}]},{\"@type\":\"WebSite\",\"@id\":\"https:\/\/www.matesxtu.es\/es\/#website\",\"url\":\"https:\/\/www.matesxtu.es\/es\/\",\"name\":\"MATESxTU educaci\u00f3n\",\"description\":\"MATESxTU  = + x TODOS\",\"publisher\":{\"@id\":\"https:\/\/www.matesxtu.es\/es\/#organization\"},\"potentialAction\":[{\"@type\":\"SearchAction\",\"target\":{\"@type\":\"EntryPoint\",\"urlTemplate\":\"https:\/\/www.matesxtu.es\/es\/?s={search_term_string}\"},\"query-input\":{\"@type\":\"PropertyValueSpecification\",\"valueRequired\":true,\"valueName\":\"search_term_string\"}}],\"inLanguage\":\"es\"},{\"@type\":\"Organization\",\"@id\":\"https:\/\/www.matesxtu.es\/es\/#organization\",\"name\":\"MATESxTU Academia de matematicas\",\"url\":\"https:\/\/www.matesxtu.es\/es\/\",\"logo\":{\"@type\":\"ImageObject\",\"inLanguage\":\"es\",\"@id\":\"https:\/\/www.matesxtu.es\/es\/#\/schema\/logo\/image\/\",\"url\":\"https:\/\/www.matesxtu.es\/es\/wp-content\/uploads\/sites\/2\/2021\/02\/logo_matesxtu_A4-2-e1612497302468.png\",\"contentUrl\":\"https:\/\/www.matesxtu.es\/es\/wp-content\/uploads\/sites\/2\/2021\/02\/logo_matesxtu_A4-2-e1612497302468.png\",\"width\":588,\"height\":499,\"caption\":\"MATESxTU Academia de matematicas\"},\"image\":{\"@id\":\"https:\/\/www.matesxtu.es\/es\/#\/schema\/logo\/image\/\"},\"sameAs\":[\"https:\/\/www.facebook.com\/Matesxtu-1465218103742467\/\",\"https:\/\/x.com\/elenabarberomxt\",\"https:\/\/www.instagram.com\/matesxtu\/\",\"https:\/\/www.linkedin.com\/in\/elena-barbero-revert\u00e9-aa8a4160\/\",\"https:\/\/www.youtube.com\/channel\/UCYS6kEJxsS2mT6VGEkNFOFQ\"]},{\"@type\":\"Person\",\"@id\":\"https:\/\/www.matesxtu.es\/es\/#\/schema\/person\/c57f83ae638b94d757837fb633da0591\",\"name\":\"elenadmin\",\"image\":{\"@type\":\"ImageObject\",\"inLanguage\":\"es\",\"@id\":\"https:\/\/www.matesxtu.es\/es\/#\/schema\/person\/image\/\",\"url\":\"https:\/\/secure.gravatar.com\/avatar\/1b9cd9b6f50ba6010e41a243d1d6f9740c64192342cdb8d6318bf7a32cfb3175?s=96&d=mm&r=g\",\"contentUrl\":\"https:\/\/secure.gravatar.com\/avatar\/1b9cd9b6f50ba6010e41a243d1d6f9740c64192342cdb8d6318bf7a32cfb3175?s=96&d=mm&r=g\",\"caption\":\"elenadmin\"},\"sameAs\":[\"http:\/\/www.matesxtu.es\"]}]}<\/script>\n<!-- \/ Yoast SEO plugin. -->","yoast_head_json":{"title":"M\u00c1S MATEM\u00c1TICAS S\u00cd, PERO BIEN DADAS. Art\u00edculo de La Vanguardia 05\/02\/2015 - MATESxTU educaci\u00f3n","robots":{"index":"index","follow":"follow","max-snippet":"max-snippet:-1","max-image-preview":"max-image-preview:large","max-video-preview":"max-video-preview:-1"},"canonical":"https:\/\/www.matesxtu.es\/es\/mas-matematicas-si-pero-bien-dadas-articulo-de-la-vanguardia-05022015\/","og_locale":"es_ES","og_type":"article","og_title":"M\u00c1S MATEM\u00c1TICAS S\u00cd, PERO BIEN DADAS. Art\u00edculo de La Vanguardia 05\/02\/2015 - MATESxTU educaci\u00f3n","og_description":"En este art\u00edculo se explica que un incremento de horas lectivas no es la soluci\u00f3n: hay que cambiar la forma de ense\u00f1ar. Apuesta por la experimentaci\u00f3n, los ejemplos cotidianos y la utilizaci\u00f3n de las matem\u00e1ticas en ciencias sociales o m\u00fasica. En MATESxTU tambi\u00e9n creemos que las matem\u00e1ticas se pueden ense\u00f1ar de otra manera y que [&hellip;]","og_url":"https:\/\/www.matesxtu.es\/es\/mas-matematicas-si-pero-bien-dadas-articulo-de-la-vanguardia-05022015\/","og_site_name":"MATESxTU educaci\u00f3n","article_publisher":"https:\/\/www.facebook.com\/Matesxtu-1465218103742467\/","article_published_time":"2015-02-11T17:40:58+00:00","article_modified_time":"2021-02-21T13:16:23+00:00","og_image":[{"width":256,"height":256,"url":"https:\/\/www.matesxtu.es\/es\/wp-content\/uploads\/sites\/2\/2021\/02\/LOGO-redondo-MATESxTU.png","type":"image\/png"}],"author":"elenadmin","twitter_card":"summary_large_image","twitter_creator":"@elenabarberomxt","twitter_site":"@elenabarberomxt","twitter_misc":{"Escrito por":"elenadmin"},"schema":{"@context":"https:\/\/schema.org","@graph":[{"@type":"Article","@id":"https:\/\/www.matesxtu.es\/es\/mas-matematicas-si-pero-bien-dadas-articulo-de-la-vanguardia-05022015\/#article","isPartOf":{"@id":"https:\/\/www.matesxtu.es\/es\/mas-matematicas-si-pero-bien-dadas-articulo-de-la-vanguardia-05022015\/"},"author":{"name":"elenadmin","@id":"https:\/\/www.matesxtu.es\/es\/#\/schema\/person\/c57f83ae638b94d757837fb633da0591"},"headline":"M\u00c1S MATEM\u00c1TICAS S\u00cd, PERO BIEN DADAS. Art\u00edculo de La Vanguardia 05\/02\/2015","datePublished":"2015-02-11T17:40:58+00:00","dateModified":"2021-02-21T13:16:23+00:00","mainEntityOfPage":{"@id":"https:\/\/www.matesxtu.es\/es\/mas-matematicas-si-pero-bien-dadas-articulo-de-la-vanguardia-05022015\/"},"wordCount":99,"commentCount":0,"publisher":{"@id":"https:\/\/www.matesxtu.es\/es\/#organization"},"image":{"@id":"https:\/\/www.matesxtu.es\/es\/mas-matematicas-si-pero-bien-dadas-articulo-de-la-vanguardia-05022015\/#primaryimage"},"thumbnailUrl":"https:\/\/www.matesxtu.es\/es\/wp-content\/uploads\/sites\/2\/2021\/02\/LOGO-redondo-MATESxTU.png","articleSection":["NOVEDADES MATESxTU"],"inLanguage":"es","potentialAction":[{"@type":"CommentAction","name":"Comment","target":["https:\/\/www.matesxtu.es\/es\/mas-matematicas-si-pero-bien-dadas-articulo-de-la-vanguardia-05022015\/#respond"]}]},{"@type":"WebPage","@id":"https:\/\/www.matesxtu.es\/es\/mas-matematicas-si-pero-bien-dadas-articulo-de-la-vanguardia-05022015\/","url":"https:\/\/www.matesxtu.es\/es\/mas-matematicas-si-pero-bien-dadas-articulo-de-la-vanguardia-05022015\/","name":"M\u00c1S MATEM\u00c1TICAS S\u00cd, PERO BIEN DADAS. Art\u00edculo de La Vanguardia 05\/02\/2015 - MATESxTU educaci\u00f3n","isPartOf":{"@id":"https:\/\/www.matesxtu.es\/es\/#website"},"primaryImageOfPage":{"@id":"https:\/\/www.matesxtu.es\/es\/mas-matematicas-si-pero-bien-dadas-articulo-de-la-vanguardia-05022015\/#primaryimage"},"image":{"@id":"https:\/\/www.matesxtu.es\/es\/mas-matematicas-si-pero-bien-dadas-articulo-de-la-vanguardia-05022015\/#primaryimage"},"thumbnailUrl":"https:\/\/www.matesxtu.es\/es\/wp-content\/uploads\/sites\/2\/2021\/02\/LOGO-redondo-MATESxTU.png","datePublished":"2015-02-11T17:40:58+00:00","dateModified":"2021-02-21T13:16:23+00:00","breadcrumb":{"@id":"https:\/\/www.matesxtu.es\/es\/mas-matematicas-si-pero-bien-dadas-articulo-de-la-vanguardia-05022015\/#breadcrumb"},"inLanguage":"es","potentialAction":[{"@type":"ReadAction","target":["https:\/\/www.matesxtu.es\/es\/mas-matematicas-si-pero-bien-dadas-articulo-de-la-vanguardia-05022015\/"]}]},{"@type":"ImageObject","inLanguage":"es","@id":"https:\/\/www.matesxtu.es\/es\/mas-matematicas-si-pero-bien-dadas-articulo-de-la-vanguardia-05022015\/#primaryimage","url":"https:\/\/www.matesxtu.es\/es\/wp-content\/uploads\/sites\/2\/2021\/02\/LOGO-redondo-MATESxTU.png","contentUrl":"https:\/\/www.matesxtu.es\/es\/wp-content\/uploads\/sites\/2\/2021\/02\/LOGO-redondo-MATESxTU.png","width":256,"height":256},{"@type":"BreadcrumbList","@id":"https:\/\/www.matesxtu.es\/es\/mas-matematicas-si-pero-bien-dadas-articulo-de-la-vanguardia-05022015\/#breadcrumb","itemListElement":[{"@type":"ListItem","position":1,"name":"Inici","item":"https:\/\/www.matesxtu.es\/es\/"},{"@type":"ListItem","position":2,"name":"M\u00c1S MATEM\u00c1TICAS S\u00cd, PERO BIEN DADAS. Art\u00edculo de La Vanguardia 05\/02\/2015"}]},{"@type":"WebSite","@id":"https:\/\/www.matesxtu.es\/es\/#website","url":"https:\/\/www.matesxtu.es\/es\/","name":"MATESxTU educaci\u00f3n","description":"MATESxTU  = + x TODOS","publisher":{"@id":"https:\/\/www.matesxtu.es\/es\/#organization"},"potentialAction":[{"@type":"SearchAction","target":{"@type":"EntryPoint","urlTemplate":"https:\/\/www.matesxtu.es\/es\/?s={search_term_string}"},"query-input":{"@type":"PropertyValueSpecification","valueRequired":true,"valueName":"search_term_string"}}],"inLanguage":"es"},{"@type":"Organization","@id":"https:\/\/www.matesxtu.es\/es\/#organization","name":"MATESxTU Academia de matematicas","url":"https:\/\/www.matesxtu.es\/es\/","logo":{"@type":"ImageObject","inLanguage":"es","@id":"https:\/\/www.matesxtu.es\/es\/#\/schema\/logo\/image\/","url":"https:\/\/www.matesxtu.es\/es\/wp-content\/uploads\/sites\/2\/2021\/02\/logo_matesxtu_A4-2-e1612497302468.png","contentUrl":"https:\/\/www.matesxtu.es\/es\/wp-content\/uploads\/sites\/2\/2021\/02\/logo_matesxtu_A4-2-e1612497302468.png","width":588,"height":499,"caption":"MATESxTU Academia de matematicas"},"image":{"@id":"https:\/\/www.matesxtu.es\/es\/#\/schema\/logo\/image\/"},"sameAs":["https:\/\/www.facebook.com\/Matesxtu-1465218103742467\/","https:\/\/x.com\/elenabarberomxt","https:\/\/www.instagram.com\/matesxtu\/","https:\/\/www.linkedin.com\/in\/elena-barbero-revert\u00e9-aa8a4160\/","https:\/\/www.youtube.com\/channel\/UCYS6kEJxsS2mT6VGEkNFOFQ"]},{"@type":"Person","@id":"https:\/\/www.matesxtu.es\/es\/#\/schema\/person\/c57f83ae638b94d757837fb633da0591","name":"elenadmin","image":{"@type":"ImageObject","inLanguage":"es","@id":"https:\/\/www.matesxtu.es\/es\/#\/schema\/person\/image\/","url":"https:\/\/secure.gravatar.com\/avatar\/1b9cd9b6f50ba6010e41a243d1d6f9740c64192342cdb8d6318bf7a32cfb3175?s=96&d=mm&r=g","contentUrl":"https:\/\/secure.gravatar.com\/avatar\/1b9cd9b6f50ba6010e41a243d1d6f9740c64192342cdb8d6318bf7a32cfb3175?s=96&d=mm&r=g","caption":"elenadmin"},"sameAs":["http:\/\/www.matesxtu.es"]}]}},"jetpack_publicize_connections":[],"jetpack_featured_media_url":"https:\/\/www.matesxtu.es\/es\/wp-content\/uploads\/sites\/2\/2021\/02\/LOGO-redondo-MATESxTU.png","jetpack_sharing_enabled":true,"_links":{"self":[{"href":"https:\/\/www.matesxtu.es\/es\/wp-json\/wp\/v2\/posts\/391","targetHints":{"allow":["GET"]}}],"collection":[{"href":"https:\/\/www.matesxtu.es\/es\/wp-json\/wp\/v2\/posts"}],"about":[{"href":"https:\/\/www.matesxtu.es\/es\/wp-json\/wp\/v2\/types\/post"}],"author":[{"embeddable":true,"href":"https:\/\/www.matesxtu.es\/es\/wp-json\/wp\/v2\/users\/1"}],"replies":[{"embeddable":true,"href":"https:\/\/www.matesxtu.es\/es\/wp-json\/wp\/v2\/comments?post=391"}],"version-history":[{"count":2,"href":"https:\/\/www.matesxtu.es\/es\/wp-json\/wp\/v2\/posts\/391\/revisions"}],"predecessor-version":[{"id":970,"href":"https:\/\/www.matesxtu.es\/es\/wp-json\/wp\/v2\/posts\/391\/revisions\/970"}],"wp:featuredmedia":[{"embeddable":true,"href":"https:\/\/www.matesxtu.es\/es\/wp-json\/wp\/v2\/media\/884"}],"wp:attachment":[{"href":"https:\/\/www.matesxtu.es\/es\/wp-json\/wp\/v2\/media?parent=391"}],"wp:term":[{"taxonomy":"category","embeddable":true,"href":"https:\/\/www.matesxtu.es\/es\/wp-json\/wp\/v2\/categories?post=391"},{"taxonomy":"post_tag","embeddable":true,"href":"https:\/\/www.matesxtu.es\/es\/wp-json\/wp\/v2\/tags?post=391"}],"curies":[{"name":"wp","href":"https:\/\/api.w.org\/{rel}","templated":true}]}}